{"id":224,"date":"2022-11-07T07:39:30","date_gmt":"2022-11-07T07:39:30","guid":{"rendered":"https:\/\/rallielamys.fi\/?p=224"},"modified":"2022-11-07T07:41:05","modified_gmt":"2022-11-07T07:41:05","slug":"kausi-2022","status":"publish","type":"post","link":"https:\/\/rallielamys.fi\/?p=224","title":{"rendered":"Kausi 2022"},"content":{"rendered":"\n<p>Kausi 2022 on p\u00e4\u00e4ttynyt ja ajot jatkuvat taas ensi vuoden puolella.<br>Talvikausi 23 on tarkoitus aloittaa kyydityksien osalta 7. tammikuuta ja avoimien ajop\u00e4ivien 14. tammikuuta, mik\u00e4li talvi saapuu odotetusti. Tarkemmin p\u00e4iv\u00e4t ilmoitetaan ennen vuoden vaihtumista.<br>Alla lokakuun 8. p\u00e4iv\u00e4, eritt\u00e4in vaihtelevassa s\u00e4\u00e4ss\u00e4 ajetun avoimen rallikokeilup\u00e4iv\u00e4n tulokset:<\/p>\n\n\n\n<figure class=\"wp-block-table\"><table><tbody><tr><td>Kortti<\/td><td><em>Kuljettaja<\/em><\/td><td><em>Aika<\/em><\/td><td><em>Sija<\/em><\/td><td><em>L\u00e4ht\u00f6<\/em><\/td><td><em>Aika<\/em><\/td><td><em>EK sija<\/em><\/td><td><em>Yhteisaika<\/em><\/td><td><em>Sija<\/em><\/td><\/tr><tr><td>1<\/td><td>Ari Saloniemi<\/td><td>02:41,45<\/td><td>8<\/td><td>9<\/td><td>03:54,26<\/td><td>16<\/td><td>06:35,71<\/td><td>16<\/td><\/tr><tr><td>2<\/td><td>Jukka Soininen<\/td><td>02:42,90<\/td><td>9<\/td><td>8<\/td><td>02:41,12<\/td><td>7<\/td><td>05:24,02<\/td><td>8<\/td><\/tr><tr><td>3<\/td><td>Teppo Soininen<\/td><td>02:46,78<\/td><td>10<\/td><td>7<\/td><td>02:42,03<\/td><td>9<\/td><td>05:28,81<\/td><td>9<\/td><\/tr><tr><td>4<\/td><td>Tommi Aaltokallio<\/td><td>02:59,76<\/td><td>14<\/td><td>3<\/td><td>02:47,84<\/td><td>12<\/td><td>05:47,60<\/td><td>13<\/td><\/tr><tr><td>5<\/td><td>Keijo Aaltokallio<\/td><td>02:51,78<\/td><td>12<\/td><td>5<\/td><td>02:46,29<\/td><td>11<\/td><td>05:38,07<\/td><td>10<\/td><\/tr><tr><td>6<\/td><td>Pasi Kainiemi<\/td><td>02:55,59<\/td><td>13<\/td><td>4<\/td><td>02:50,07<\/td><td>13<\/td><td>05:45,66<\/td><td>12<\/td><\/tr><tr><td>7<\/td><td>Petri Kainiemi<\/td><td>02:50,70<\/td><td>11<\/td><td>6<\/td><td>02:50,34<\/td><td>14<\/td><td>05:41,04<\/td><td>11<\/td><\/tr><tr><td>8<\/td><td>Jussi Lehtinen<\/td><td>03:02,96<\/td><td>15<\/td><td>2<\/td><td>02:45,64<\/td><td>10<\/td><td>05:48,60<\/td><td>14<\/td><\/tr><tr><td>9<\/td><td>Hannu Syrj\u00e4<\/td><td>02:37,70<\/td><td>5<\/td><td>12<\/td><td>02:34,31<\/td><td>2<\/td><td>05:12,01<\/td><td>4<\/td><\/tr><tr><td>10<\/td><td>Timo Syrj\u00e4<\/td><td>02:37,82<\/td><td>6<\/td><td>11<\/td><td>02:40,92<\/td><td>6<\/td><td>05:18,74<\/td><td>6<\/td><\/tr><tr><td>11<\/td><td>Jonas Sundberg<\/td><td>03:05,56<\/td><td>16<\/td><td>1<\/td><td>03:00,84<\/td><td>15<\/td><td>06:06,40<\/td><td>15<\/td><\/tr><tr><td>12<\/td><td>Ville Elomaa<\/td><td>02:37,18<\/td><td>3<\/td><td>14<\/td><td>02:30,76<\/td><td>1<\/td><td>05:07,94<\/td><td>1<\/td><\/tr><tr><td>13<\/td><td>Tatu Huovila<\/td><td>02:37,65<\/td><td>4<\/td><td>13<\/td><td>02:40,62<\/td><td>5<\/td><td>05:18,27<\/td><td>5<\/td><\/tr><tr><td>14<\/td><td>Timo Tanhua<\/td><td>02:39,03<\/td><td>7<\/td><td>10<\/td><td>02:41,14<\/td><td>8<\/td><td>05:20,17<\/td><td>7<\/td><\/tr><tr><td>15<\/td><td>Joni Veps\u00e4l\u00e4inen<\/td><td>02:35,54<\/td><td>2<\/td><td>15<\/td><td>02:34,78<\/td><td>3<\/td><td>05:10,32<\/td><td>2<\/td><\/tr><tr><td>16<\/td><td>Sami J\u00e4msen<\/td><td>02:33,04<\/td><td>1<\/td><td>16<\/td><td>02:38,06<\/td><td>4<\/td><td>05:11,10<\/td><td>3<\/td><\/tr><\/tbody><\/table><\/figure>\n\n\n\n<p>Kiit\u00e4mme t\u00e4st\u00e4 vuodesta asiakkaitamme ja yhteisty\u00f6kumppaneitamme.<\/p>\n","protected":false},"excerpt":{"rendered":"<p>Kausi 2022 on p\u00e4\u00e4ttynyt ja ajot jatkuvat taas ensi vuoden puolella.Talvikausi 23 on tarkoitus aloittaa kyydityksien osalta 7. tammikuuta ja avoimien ajop\u00e4ivien 14. tammikuuta, mik\u00e4li talvi saapuu odotetusti. Tarkemmin p\u00e4iv\u00e4t ilmoitetaan ennen vuoden vaihtumista.Alla lokakuun 8. p\u00e4iv\u00e4, eritt\u00e4in vaihtelevassa s\u00e4\u00e4ss\u00e4 ajetun avoimen rallikokeilup\u00e4iv\u00e4n tulokset: Kortti Kuljettaja Aika Sija L\u00e4ht\u00f6 Aika [&hellip;]<\/p>\n","protected":false},"author":1,"featured_media":0,"comment_status":"open","ping_status":"open","sticky":false,"template":"","format":"standard","meta":{"om_disable_all_campaigns":false,"footnotes":""},"categories":[1],"tags":[27,28,23,24],"class_list":["post-224","post","type-post","status-publish","format-standard","hentry","category-uncategorized","tag-avoinrallikokeilupaiva","tag-ralliautonkyytiin","tag-rallielamykset","tag-rallielamys-fi"],"_links":{"self":[{"href":"https:\/\/rallielamys.fi\/index.php?rest_route=\/wp\/v2\/posts\/224","targetHints":{"allow":["GET"]}}],"collection":[{"href":"https:\/\/rallielamys.fi\/index.php?rest_route=\/wp\/v2\/posts"}],"about":[{"href":"https:\/\/rallielamys.fi\/index.php?rest_route=\/wp\/v2\/types\/post"}],"author":[{"embeddable":true,"href":"https:\/\/rallielamys.fi\/index.php?rest_route=\/wp\/v2\/users\/1"}],"replies":[{"embeddable":true,"href":"https:\/\/rallielamys.fi\/index.php?rest_route=%2Fwp%2Fv2%2Fcomments&post=224"}],"version-history":[{"count":1,"href":"https:\/\/rallielamys.fi\/index.php?rest_route=\/wp\/v2\/posts\/224\/revisions"}],"predecessor-version":[{"id":225,"href":"https:\/\/rallielamys.fi\/index.php?rest_route=\/wp\/v2\/posts\/224\/revisions\/225"}],"wp:attachment":[{"href":"https:\/\/rallielamys.fi\/index.php?rest_route=%2Fwp%2Fv2%2Fmedia&parent=224"}],"wp:term":[{"taxonomy":"category","embeddable":true,"href":"https:\/\/rallielamys.fi\/index.php?rest_route=%2Fwp%2Fv2%2Fcategories&post=224"},{"taxonomy":"post_tag","embeddable":true,"href":"https:\/\/rallielamys.fi\/index.php?rest_route=%2Fwp%2Fv2%2Ftags&post=224"}],"curies":[{"name":"wp","href":"https:\/\/api.w.org\/{rel}","templated":true}]}}